{"id":12,"date":"2019-08-19T21:30:00","date_gmt":"2019-08-19T21:30:00","guid":{"rendered":"http:\/\/www.cagataydemircioglu.com.tr\/cninzihni\/2019\/08\/lavinianin-asigi\/"},"modified":"2021-02-19T03:07:59","modified_gmt":"2021-02-19T03:07:59","slug":"lavinianin-asigi","status":"publish","type":"post","link":"http:\/\/www.cagataydemircioglu.com.tr\/cninzihni\/lavinianin-asigi\/","title":{"rendered":"Lavinia&#8217;n\u0131n A\u015f\u0131\u011f\u0131"},"content":{"rendered":"<div style=\"margin-top: 0px; margin-bottom: 0px;\" class=\"sharethis-inline-share-buttons\" ><\/div><p>Bu yaz\u0131ma da bir dostuma te\u015fekk\u00fcr ederek ba\u015flamak istiyorum. De\u011ferli dostum Elga&#8217;ya buradan te\u015fekk\u00fcrlerimi iletiyorum !<\/p>\n<div><\/div>\n<div>Tekrar selam sana sevgili arkada\u015f\u0131m,<\/div>\n<div><\/div>\n<div>Evet aniden iki yaz\u0131 birden yay\u0131nlad\u0131m, yap\u0131yorum arada b\u00f6yle \u00e7\u0131lg\u0131nl\u0131klar \ud83d\ude42 Bug\u00fcn kimin hayat\u0131n\u0131 irdeleyece\u011fimizi anlam\u0131\u015fs\u0131nd\u0131r, o y\u00fczden konu m\u00fczi\u011fi de malum:<\/div>\n<div><\/div>\n<div><a href=\"https:\/\/www.youtube.com\/watch?v=sqSTLsmx_3s\" target=\"_blank\" rel=\"noopener noreferrer\">Feridun D\u00fcza\u011fa\u00e7 &#8211; Lavinia<\/a><\/div>\n<div><span style=\"font-family: Georgia, Times New Roman, serif;\"><br \/>\n<\/span><\/div>\n<div><span style=\"font-family: Georgia, Times New Roman, serif;\">&#8220;Sana gitme demeyece\u011fim<\/span><\/div>\n<div><span style=\"font-family: Georgia, Times New Roman, serif;\">Ama gitme Lavinia!&#8221;<\/span><\/div>\n<div><\/div>\n<div><\/div>\n<div>Hadi ba\u015flayal\u0131m!<\/div>\n<div><\/div>\n<div><\/div>\n<div>\n<div><span style=\"mso-ansi-language: TR;\">S\u0131cak bir yaz g\u00fcn\u00fc, takvime g\u00f6re 11 Haziran 1923. T\u00fcrk Edebiyat\u0131\u2019n\u0131n en g\u00fczel insanlar\u0131ndan biri birazdan do\u011facak. O y\u0131llarda soyad\u0131 kanunu yok elbet, ad\u0131 \u201cHalit \u00d6zdemir\u201d olarak koyuluyor babas\u0131 Mehmet Asaf taraf\u0131ndan. Mehmet Asaf \u015eura\u2019y\u0131 Devlet\u2019in kurucular\u0131ndan oldu\u011fun i\u00e7in Atat\u00fcrk taraf\u0131ndan Ankara\u2019ya yerle\u015fmesi rica ediliyor ve oraya ta\u015f\u0131n\u0131yorlar \u0130stanbul\u2019dan \u00d6zdemir do\u011fmadan bir y\u0131l \u00f6nce. <o:p><\/o:p><\/span><\/div>\n<div><span style=\"mso-ansi-language: TR;\"><br \/>\n<\/span><\/div>\n<div><span style=\"mso-ansi-language: TR;\">Fazla uzun kalam\u0131yorlar Ankara\u2019da. 1930 y\u0131l\u0131nda Mehmet Asaf vefat edince \u0130stanbul\u2019a d\u00f6n\u00fcyorlar. Ancak Atat\u00fcrk b\u00fcy\u00fck insan, \u00f6nemli bir insan\u0131 yetim koymuyor ve \u201cAsaf\u2019\u0131n \u00e7ocuklar\u0131n\u0131 bir okula yerle\u015ftirin\u201d diyor \u0130smet \u0130n\u00f6n\u00fc\u2019ye. O d\u00f6nemde soyad\u0131 kanunu hen\u00fcz olmad\u0131\u011f\u0131 i\u00e7in \u00d6zdemir Asaf olarak kayda ge\u00e7iriliyor okulda. Daha sonra soyad\u0131 kanunuyla beraber de \u201cArun\u201d soyad\u0131n\u0131 al\u0131yor ve Halit \u00d6zdemir Arun oluyor.<o:p><\/o:p><\/span><\/div>\n<div><span style=\"mso-ansi-language: TR;\"><br \/>\n<\/span><\/div>\n<div><span style=\"mso-ansi-language: TR;\">\u0130lk olarak Galatarasay Lisesi\u2019ne giden \u015fair, 1941 y\u0131l\u0131nda ise s\u0131nav\u0131 kazanarak Kabata\u015f Erkek Lisesi\u2019ne ge\u00e7iyor. 1942 y\u0131l\u0131nda mezun olduktan sonra ise \u0130stanbul \u00dcniversitesi\u2019nde ba\u015fl\u0131yor ancak e\u011fitimini tamamlam\u0131yor. Hukuk\u2019la ba\u015flay\u0131p \u0130ktisat ve Gazetecilik Fak\u00fclteleri\u2019ne gitmesine ra\u011fmen hi\u00e7birinden mezun olam\u0131yor \u00d6zdemir Asaf.<o:p><\/o:p><\/span><\/div>\n<div><span style=\"mso-ansi-language: TR;\"><br \/>\n<\/span><\/div>\n<div><span style=\"mso-ansi-language: TR;\">\u0130lk e\u015fi Sabahat Han\u0131m\u2019a \u00fcniversitede \u00e2\u015f\u0131k olan Asaf, o me\u015fhur Lavinia \u015fiirini de ayn\u0131 y\u0131llarda yaz\u0131yor. Bir \u015fiir yar\u0131\u015fmas\u0131na kat\u0131l\u0131yor ve Lavinia ile birinci oluyor. K\u00fcrs\u00fcye \u00e7\u0131k\u0131p okuyor \u015fiirini okumas\u0131na ama burada bir detay var, bir s\u00f6ylenti ve payla\u015fmadan ge\u00e7meyece\u011fim. S\u00f6ylenti o ki Lavinia da o s\u0131rada salonda oturanlar aras\u0131nda ve \u015fiir okunurken salondan ayr\u0131l\u0131yor. Asaf k\u0131r\u0131l\u0131yor bu davran\u0131\u015f kar\u015f\u0131s\u0131nda ve hi\u00e7 a\u00e7m\u0131yor g\u00f6nl\u00fcn\u00fc Lavinia\u2019ya. Elbet kim oldu\u011funu sonradan \u00f6\u011freniyoruz ama \u015fiire sad\u0131k kalal\u0131m sevgili okur.<o:p><\/o:p><\/span><\/div>\n<div><span style=\"mso-ansi-language: TR;\"><br \/>\n<\/span><\/div>\n<div><span style=\"mso-ansi-language: TR;\">\u00d6zdemir Asaf\u2019\u0131n ilk e\u015fine a\u015f\u0131k oldu\u011funu da okul de\u011fi\u015ftirmesine ve ayr\u0131 d\u00fc\u015fmelerine ra\u011fmen mektupla\u015fmaya devam etmeleri ve uzun u\u011fra\u015flar sonucu evlenmeyi ba\u015farmalar\u0131na bakarak s\u00f6yleyebiliyoruz. Ayr\u0131l\u0131rken bile seviyordu Asaf onu, \u00f6yle ki ayr\u0131ld\u0131ktan sonra da mektup yazmaya devam ediyordu. Farkl\u0131 beklentiler onlar\u0131 farkl\u0131 yollara \u00e7ekiyordu ve yap\u0131lacak bir \u015fey yoktu.<o:p><\/o:p><\/span><\/div>\n<div><span style=\"mso-ansi-language: TR;\">Tanin ve Zaman gazetelerinde \u00e7al\u0131\u015fan Asaf\u2019\u0131n ilk say\u0131s\u0131 ise Servet-i F\u00fcnun, Uyan\u0131\u015f dergisinde \u00e7\u0131k\u0131yor, ancak \u015fair burada durmuyor. \u00c7eviriler de yap\u0131yor ve 1953 y\u0131l\u0131nda Sanat Bas\u0131mevi\u2019ni kuruyor, kitaplar\u0131n\u0131 Yuvarlak Masa Yay\u0131nlar\u0131 ad\u0131 alt\u0131nda yay\u0131nl\u0131yor. 1962 y\u0131l\u0131nda Y\u0131ld\u0131z Moran ile evleniyor ve bu evlilikten 3 tane \u00e7ocu\u011fu oluyor. R\u2019leri s\u00f6yleyemeyen, koca y\u00fcrekli, naif ve sempatik bir adam olarak iyi bir baba oluyor \u00e7ocuklar\u0131na.<o:p><\/o:p><\/span><\/div>\n<div><span style=\"mso-ansi-language: TR;\"><br \/>\n<\/span><\/div>\n<div><span style=\"mso-ansi-language: TR;\">Zaman ge\u00e7iyor ve y\u0131llar 1980\u2019e geliyor ve ben bundan sonras\u0131n\u0131 k\u0131z\u0131n\u0131n s\u00f6zleriyle anlatmak istiyorum:<o:p><\/o:p><\/span><\/div>\n<div><i><span style=\"mso-ansi-language: TR;\"><span style=\"font-family: Georgia, Times New Roman, serif;\">Seneler \u00f6ylesine \u00e7abuk ge\u00e7ti ki\u2026 1980 y\u0131l\u0131n\u0131n Aral\u0131k ay\u0131nda babam hastaland\u0131. Doktor \u015een Do\u011fan, Vak\u0131f Gureba Hastanesi\u2019nde yapt\u0131\u011f\u0131 ilk tetkiklerden sonra hastaneye yatmas\u0131n\u0131 istedi, ama bu hastal\u0131\u011f\u0131n tedavisi m\u00fcmk\u00fcn de\u011fildi. Bunu Doktor \u015een Do\u011fan biliyor, babam bilmiyordu. Sa\u011fl\u0131\u011f\u0131, d\u00fczelemeyecek kadar k\u00f6t\u00fcyd\u00fc. Hastal\u0131\u011f\u0131 hayli ilerlemi\u015fti. Ya\u015famda kalaca\u011f\u0131 zaman \u00e7ok k\u0131sayd\u0131.<o:p><\/o:p><\/span><\/span><\/i><\/div>\n<div><i><span style=\"mso-ansi-language: TR;\"><span style=\"font-family: Georgia, Times New Roman, serif;\"><br \/>\n<\/span><\/span><\/i><\/div>\n<div><i><span style=\"mso-ansi-language: TR;\"><span style=\"font-family: Georgia, Times New Roman, serif;\">Bir ay kald\u0131\u011f\u0131 hastanede tedavinin en iyisi, en iyi \u015fekilde yap\u0131ld\u0131. Sonu\u00e7 hi\u00e7bir \u015feydi. Art\u0131k evine gidebilece\u011fini s\u00f6ylediler. O g\u00fcn, o sa\u011fl\u0131ks\u0131z haliyle bile \u201cBebek\u2019ten, bizim duraktan, beni tan\u0131yan bir taksici \u00e7a\u011f\u0131r\u0131n, pisi pisine bir trafik kazas\u0131na kurban gitmeyeyim\u201d dedi. Bu \u015fakas\u0131n\u0131, y\u0131llar \u00f6nce \u015fiir olarak da yazm\u0131\u015ft\u0131: \u201c\u00d6l\u00fcm Allah\u0131n emri, \/ Trafik olmasayd\u0131.\u201d<o:p><\/o:p><\/span><\/span><\/i><\/div>\n<div><i><span style=\"mso-ansi-language: TR;\"><span style=\"font-family: Georgia, Times New Roman, serif;\">Bebek\u2019teki evine sa\u011f salim vard\u0131. Oysa zaman\u0131 \u00e7ok k\u0131sayd\u0131.<o:p><\/o:p><\/span><\/span><\/i><\/div>\n<div><i><span style=\"mso-ansi-language: TR;\"><span style=\"font-family: Georgia, Times New Roman, serif;\"><br \/>\n<\/span><\/span><\/i><\/div>\n<div><i><span style=\"mso-ansi-language: TR;\"><span style=\"font-family: Georgia, Times New Roman, serif;\">\u201cHey benim koca kafam. \/ Altm\u0131\u015f iki santimlik ba\u015f\u0131m\u2026 \/ Sa\u00e7lar sakallar i\u00e7inde, \/ Erkek omuzlar \u00fcst\u00fcndedir.\u201d<o:p><\/o:p><\/span><\/span><\/i><\/div>\n<div><i><span style=\"mso-ansi-language: TR;\"><span style=\"font-family: Georgia, Times New Roman, serif;\"><br \/>\n<\/span><\/span><\/i><\/div>\n<div><i><span style=\"mso-ansi-language: TR;\"><span style=\"font-family: Georgia, Times New Roman, serif;\">\u015eiirinde s\u00f6z\u00fcn\u00fc etti\u011fi \u201caltm\u0131\u015f iki santimlik ba\u015f\u0131\u201dna da s\u0131\u00e7ram\u0131\u015ft\u0131 hastal\u0131k.<o:p><\/o:p><\/span><\/span><\/i><\/div>\n<div><i><span style=\"mso-ansi-language: TR;\"><span style=\"font-family: Georgia, Times New Roman, serif;\"><br \/>\n<\/span><\/span><\/i><\/div>\n<div><i><span style=\"mso-ansi-language: TR;\"><span style=\"font-family: Georgia, Times New Roman, serif;\">Benim i\u00e7in \u00f6l\u00fcm, \u00f6leni son tan\u0131yan\u0131n da \u00f6lmesiyle ger\u00e7ek-\u00f6l\u00fcm olur. Ama bu d\u00fc\u015f\u00fcncem sanat\u0131 ile var olanlar i\u00e7in ge\u00e7erli de\u011fildir. Onlar ger\u00e7ek-\u00f6l\u00fcms\u00fczd\u00fcr.<o:p><\/o:p><\/span><\/span><\/i><\/div>\n<div><i><span style=\"mso-ansi-language: TR;\"><span style=\"font-family: Georgia, Times New Roman, serif;\"><br \/>\n<\/span><\/span><\/i><\/div>\n<div><i><span style=\"mso-ansi-language: TR;\"><span style=\"font-family: Georgia, Times New Roman, serif;\">Ama babam: \u201cBir insan bir insan\u0131 bir \u015fey g\u00f6r\u00fcr, bu hayatt\u0131r. \/ Bir insan bir insan\u0131 bir\u00e7ok \u015fey g\u00f6r\u00fcr, bu sevgidir. \/ Bir insan bir insan\u0131 her \u015fey g\u00f6r\u00fcr, bu a\u015fkt\u0131r. \/ Bir insan bir insan\u0131 hi\u00e7bir \u015fey g\u00f6r\u00fcr, bu do\u011fu\u2019dur. \/ Bir insan bir insan\u0131 g\u00f6rmez, bu \u00f6l\u00fcmd\u00fcr\u201d der.<o:p><\/o:p><\/span><\/span><\/i><\/div>\n<div><i><span style=\"mso-ansi-language: TR;\"><span style=\"font-family: Georgia, Times New Roman, serif;\"><br \/>\n<\/span><\/span><\/i><\/div>\n<div><i><span style=\"mso-ansi-language: TR;\"><span style=\"font-family: Georgia, Times New Roman, serif;\">\u0130ki ay s\u00fcren k\u0131sa hastal\u0131\u011f\u0131n\u0131n ard\u0131ndan babam gitti. Benim babam\u0131 \u201cg\u00f6rmez\u201dli\u011fim 30 y\u0131ld\u0131r devam ediyor. Ama \u00d6zdemir Asaf ya\u015f\u0131yor.<o:p><\/o:p><\/span><\/span><\/i><\/div>\n<\/div>\n<div><\/div>\n<div>Ve b\u00f6ylelikle teslim ediyoruz bir g\u00fczel can\u0131 daha \u00f6l\u00fcm\u00fcn kara kollar\u0131na. Belki de sonlar\u0131 y\u00fcz\u00fcnden hikayeleri de\u011fil de masallar\u0131 daha \u00e7ok seviyoruz. Ger\u00e7e\u011fin karanl\u0131k r\u00fczgar\u0131 \u00e7ok sert \u00e7arp\u0131yor insan\u0131n y\u00fcz\u00fcne.&nbsp;<\/div>\n<div><\/div>\n<div>Kendine dikkat et dostum,<\/div>\n<div>Daima mutlu ve umutlu kal \ud83d\ude42<\/div>\n","protected":false},"excerpt":{"rendered":"<p>Bu yaz\u0131ma da bir dostuma te\u015fekk\u00fcr ederek ba\u015flamak istiyorum. De\u011ferli dostum Elga&#8217;ya buradan te\u015fekk\u00fcrlerimi iletiyorum ! Tekrar selam sana sevgili arkada\u015f\u0131m, Evet aniden iki yaz\u0131 birden yay\u0131nlad\u0131m, yap\u0131yorum arada b\u00f6yle \u00e7\u0131lg\u0131nl\u0131klar \ud83d\ude42 Bug\u00fcn kimin hayat\u0131n\u0131 irdeleyece\u011fimizi anlam\u0131\u015fs\u0131nd\u0131r, o y\u00fczden konu m\u00fczi\u011fi de malum: Feridun D\u00fcza\u011fa\u00e7 &#8211; Lavinia &#8220;Sana gitme demeyece\u011fim Ama gitme Lavinia!&#8221; Hadi ba\u015flayal\u0131m!&#8230;<\/p>\n<div class=\"btnReadMore brnhmbx-font-1 fs20\"><a href=\"http:\/\/www.cagataydemircioglu.com.tr\/cninzihni\/lavinianin-asigi\/\"><span class=\"robin-icon-asterisk mr5\">&#8212;<\/span>Ben biraz daha bakay\u0131m buna<span class=\"robin-icon-asterisk ml5\">&#8212;<\/span><\/a><\/div>\n","protected":false},"author":1,"featured_media":313,"comment_status":"open","ping_status":"open","sticky":false,"template":"","format":"standard","meta":{"_jetpack_memberships_contains_paid_content":false,"footnotes":"","jetpack_publicize_message":"","jetpack_publicize_feature_enabled":true,"jetpack_social_post_already_shared":true,"jetpack_social_options":{"image_generator_settings":{"template":"highway","enabled":false}}},"categories":[6,7,3,2,5,8,4],"tags":[],"jetpack_publicize_connections":[],"jetpack_sharing_enabled":true,"jetpack_featured_media_url":"https:\/\/i0.wp.com\/www.cagataydemircioglu.com.tr\/cninzihni\/wp-content\/uploads\/2020\/06\/lavinianin-asigi.jpg?fit=1080%2C1080","_links":{"self":[{"href":"http:\/\/www.cagataydemircioglu.com.tr\/cninzihni\/wp-json\/wp\/v2\/posts\/12"}],"collection":[{"href":"http:\/\/www.cagataydemircioglu.com.tr\/cninzihni\/wp-json\/wp\/v2\/posts"}],"about":[{"href":"http:\/\/www.cagataydemircioglu.com.tr\/cninzihni\/wp-json\/wp\/v2\/types\/post"}],"author":[{"embeddable":true,"href":"http:\/\/www.cagataydemircioglu.com.tr\/cninzihni\/wp-json\/wp\/v2\/users\/1"}],"replies":[{"embeddable":true,"href":"http:\/\/www.cagataydemircioglu.com.tr\/cninzihni\/wp-json\/wp\/v2\/comments?post=12"}],"version-history":[{"count":0,"href":"http:\/\/www.cagataydemircioglu.com.tr\/cninzihni\/wp-json\/wp\/v2\/posts\/12\/revisions"}],"wp:featuredmedia":[{"embeddable":true,"href":"http:\/\/www.cagataydemircioglu.com.tr\/cninzihni\/wp-json\/wp\/v2\/media\/313"}],"wp:attachment":[{"href":"http:\/\/www.cagataydemircioglu.com.tr\/cninzihni\/wp-json\/wp\/v2\/media?parent=12"}],"wp:term":[{"taxonomy":"category","embeddable":true,"href":"http:\/\/www.cagataydemircioglu.com.tr\/cninzihni\/wp-json\/wp\/v2\/categories?post=12"},{"taxonomy":"post_tag","embeddable":true,"href":"http:\/\/www.cagataydemircioglu.com.tr\/cninzihni\/wp-json\/wp\/v2\/tags?post=12"}],"curies":[{"name":"wp","href":"https:\/\/api.w.org\/{rel}","templated":true}]}}