{"id":10,"date":"2020-06-13T03:35:36","date_gmt":"2020-06-13T03:35:36","guid":{"rendered":"http:\/\/www.cagataydemircioglu.com.tr\/cninzihni\/2020\/06\/hobi-olarak-asker\/"},"modified":"2022-06-29T19:21:41","modified_gmt":"2022-06-29T19:21:41","slug":"hobi-olarak-asker","status":"publish","type":"post","link":"http:\/\/www.cagataydemircioglu.com.tr\/cninzihni\/hobi-olarak-asker\/","title":{"rendered":"Hobi Olarak Asker"},"content":{"rendered":"<div style=\"margin-top: 0px; margin-bottom: 0px;\" class=\"sharethis-inline-share-buttons\" ><\/div><p>Hobi olarak askerlik mi? Ne sa\u00e7mal\u0131yorsun dedi\u011fini duyar gibiyim, biliyorum ancak birazc\u0131k sab\u0131r, anlayacaks\u0131n.<\/p>\n<p>Merhaba sevgili dostum!<\/p>\n<p>Uzun bir s\u00fcredir g\u00f6r\u00fc\u015femiyoruz, biliyorum, benim yo\u011funlu\u011fum ba\u011f\u0131\u015fla. Bug\u00fcn, uzun zamand\u0131r akl\u0131mda olan, fikirlerini kalbimde ta\u015f\u0131d\u0131\u011f\u0131m birini anlataca\u011f\u0131m sana. Sevdi\u011fim bir t\u00fcrk\u00fcden bir al\u0131nt\u0131 ile g\u00f6sterece\u011fim onu, eminim tan\u0131yacaks\u0131n:<\/p>\n\n\n<figure class=\"wp-block-embed is-type-video is-provider-youtube wp-block-embed-youtube wp-embed-aspect-4-3 wp-has-aspect-ratio\"><div class=\"wp-block-embed__wrapper\">\n<ul class=\"bxslider-vid\"><li><iframe loading=\"lazy\" title=\"Selda Ba\u011fcan - Sar\u0131 Sa\u00e7l\u0131m Mavi G\u00f6zl\u00fcm (Orjinal Klip)\" width=\"1333\" height=\"1000\" src=\"https:\/\/www.youtube.com\/embed\/uhOcs-BiJ74?feature=oembed\" frameborder=\"0\" allow=\"accelerometer; autoplay; clipboard-write; encrypted-media; gyroscope; picture-in-picture\" allowfullscreen><\/iframe><\/li><\/ul>\n<\/div><\/figure>\n\n\n\n<blockquote class=\"wp-block-quote is-layout-flow wp-block-quote-is-layout-flow\"><p>&#8220;Bir daha gel gel Samsun&#8217;dan <br>Bir daha gel gel Samsun&#8217;dan <br>Sar\u0131 sa\u00e7l\u0131m mavi g\u00f6zl\u00fcm <br>Nerde, nerde, nerdesin dost?&#8221;<\/p><cite>Selda Ba\u011fcan<\/cite><\/blockquote>\n\n\n\n<p>Eh, par\u00e7am\u0131z\u0131 da verdik, ba\u015flayal\u0131m o halde. 1881 y\u0131l\u0131n\u0131n Selanik&#8217;ine gidiyoruz seninle. Bir liderin do\u011fu\u015funa, \u00e7ocuklu\u011funa ve bir vatan\u0131 kurtar\u0131\u015f\u0131na \u015fahit olaca\u011f\u0131z, merak etme, seyahatimizin sonu i\u00e7in bol bol mendil depolad\u0131m.<\/p>\n\n\n\n<p>Haydi girelim kap\u0131dan diyecektim ama hala a\u011flama sesi gelmedi i\u00e7eriden, biraz daha bekleyelim, heh geldi. Ali R\u0131za Efendi de gelir birazdan, gel girelim ve babas\u0131n\u0131n bu g\u00fczel bebe\u011fi isimlendiri\u015fine \u015fahit olal\u0131m.<\/p>\n\n\n\n<p>&#8220;Mustafa&#8221;.<\/p>\n\n\n\n<p>Mustafa&#8217;n\u0131n be\u015f karde\u015fi oluyor ancak ya\u015fam gelecekteki kay\u0131plar\u0131 haber verircesine d\u00f6rt karde\u015fini daha k\u00fc\u00e7\u00fckken al\u0131yor yan\u0131ndan ve sadece k\u0131z karde\u015fi Makbule ya\u015f\u0131yor. Hen\u00fcz 7 ya\u015f\u0131ndayken babas\u0131n\u0131 da kaybediyor ve okulunu yar\u0131m b\u0131rak\u0131p ailesiyle beraber day\u0131s\u0131n\u0131n yan\u0131na \u00e7iftli\u011fe gidiyor ancak o y\u0131llarda bile sava\u015f\u0131n ac\u0131mas\u0131zl\u0131\u011f\u0131n\u0131 g\u00f6ren g\u00f6zleri daha fazla \u00e7iftlikte kalam\u0131yor ve Selanik&#8217;e d\u00f6n\u00fcp okulunu bitiriyor.<\/p>\n\n\n\n<p>Y\u0131llar h\u0131zla ilerliyor ve Mustafa Selanik Askeri R\u00fc\u015ftiye&#8217;sine giriyor ve burada \u00e7ok sevdi\u011fi Matematik \u00d6\u011fretmeni Y\u00fczba\u015f\u0131 Mustafa Efendi isimlerinin kar\u0131\u015fmas\u0131n\u0131 \u00f6nlemek i\u00e7in ona Kemal ad\u0131n\u0131 veriyor. Askeri R\u00fc\u015ftiye de bittikten sonra Mustafa Kemal Manast\u0131r Askeri \u0130dadisi&#8217;ne, oradan da \u0130stanbul Harp Okulu&#8217;na giriyor ve te\u011fmen r\u00fctbesiyle 1902 y\u0131l\u0131nda mezun oluyor. Ancak mavi g\u00f6zleri adeta alev alev bilgi arayan bu adam i\u00e7in bu yetmiyor ve Harp Akademisi&#8217;ne giriyor.<\/p>\n\n\n\n<p>Y\u0131l 1905, Mustafa Kemal Y\u00fczba\u015f\u0131 r\u00fctbesiyle mezun oluyor Harp Akademisi&#8217;nden ve ayn\u0131 y\u0131l \u015eam&#8217;da bulunan 5. Ordu&#8217;nun ba\u015f\u0131na atan\u0131yor. Elbette burada sadece ordu ba\u015f\u0131nda durmuyor Mustafa Kemal, halk\u0131n sorunlar\u0131yla ilgileniyor, \u00fclkenin gelece\u011fi i\u00e7in planlar yap\u0131yor ve yine bu y\u0131l Vatan ve H\u00fcrriyet Cemiyeti&#8217;ni kuruyor gizlice. 2 y\u0131l sonra K\u0131demli Y\u00fczba\u015f\u0131 r\u00fctbesine terfi ediyor ve Manast\u0131r&#8217;da bulunan 3. Ordu Karargah\u0131&#8217;na atan\u0131yor. Resmi evraklarda verilen verileri tamamen anlatarak bo\u011fmayaca\u011f\u0131m seni, biraz uzun bir yaz\u0131 olacak ama inan\u0131yorum ki g\u00fczel an\u0131larla birle\u015ftirece\u011fim olaylar\u0131.<\/p>\n\n\n\n<p>1911&#8217;de Trablusgarp&#8217;ta Osmanl\u0131-\u0130talya aras\u0131ndaki sava\u015f devam ederken Atat\u00fcrk, Tobruk Muharebesi olarak tarihe ge\u00e7en sava\u015fta, 200 g\u00f6n\u00fcll\u00fc ile 2000 \u0130talyan askerini adeta kovalayarak Nadura Tepesi&#8217;ni ele ge\u00e7iriyor. Takip eden s\u00fcre\u00e7te Atat\u00fcrk ve komutas\u0131ndaki askerler \u0130talyanlar\u0131 Derne&#8217;de tutmay\u0131 ba\u015far\u0131yor ancak Balkan Sava\u015flar\u0131&#8217;n\u0131n ba\u015flamas\u0131 ile Osmanl\u0131&#8217;n\u0131n cephe kapatmak zorunda kalmas\u0131 U\u015fi Anla\u015fmas\u0131na, bu da Trablusgarp&#8217;\u0131n \u0130talyanlara kalmas\u0131na sebep oluyor. Mustafa Kemal bu olay sonras\u0131 Balkan Sava\u015flar\u0131 i\u00e7in \u00e7a\u011f\u0131r\u0131l\u0131yor.<\/p>\n\n\n\n<p><em>Balkan Sava\u015flar\u0131 olup bitiyor, her sava\u015f sonunda oldu\u011fu gibi birileri kesesine alt\u0131n koyarken, birileri de evlatlar\u0131n\u0131 topra\u011fa koyuyor.&nbsp;<\/em><\/p>\n\n\n\n<p>Bu k\u0131sa bar\u0131\u015f s\u00fcrecinde Mustafa Kemal askeri ata\u015fe olarak Sofya&#8217;ya atan\u0131yor. Buradaki bir kost\u00fcml\u00fc baloya, hepimizin \u00e7ocuklu\u011fundan bu yana birka\u00e7 kez g\u00f6rd\u00fc\u011f\u00fc yeni\u00e7eri k\u0131yafeti ile kat\u0131l\u0131yor. \u00d6yle ya, insan haf\u0131zas\u0131 \u00e7ok \u00e7abuk unutabilir. Bu ihtimale kar\u015f\u0131 hemen a\u015fa\u011f\u0131ya ekleyece\u011fim foto\u011fraf\u0131 da, merak etme.<\/p>\n\n\n\n<figure class=\"wp-block-image size-large is-resized\"><img loading=\"lazy\" decoding=\"async\" src=\"https:\/\/i0.wp.com\/www.cagataydemircioglu.com.tr\/cninzihni\/wp-content\/uploads\/2020\/06\/Yeni\u00e7eri_Atat\u00fcrk.jpg?resize=248%2C413\" alt=\"atat\u00fcrk-yeniceri-kiyafetiyle\" class=\"wp-image-106\" width=\"248\" height=\"413\" srcset=\"https:\/\/i0.wp.com\/www.cagataydemircioglu.com.tr\/cninzihni\/wp-content\/uploads\/2020\/06\/Yeni\u00e7eri_Atat\u00fcrk.jpg?w=330 330w, https:\/\/i0.wp.com\/www.cagataydemircioglu.com.tr\/cninzihni\/wp-content\/uploads\/2020\/06\/Yeni\u00e7eri_Atat\u00fcrk.jpg?resize=180%2C300 180w\" sizes=\"(max-width: 248px) 100vw, 248px\" data-recalc-dims=\"1\" \/><\/figure>\n\n\n\n<p>Bu sakinlik fazla uzun s\u00fcrm\u00fcyor, 1914 yaz\u0131nda Birinci D\u00fcnya Sava\u015f\u0131 patlak veriyor. Buradan sonras\u0131n\u0131, \u00f6ncesini bildi\u011fimiz gibi, okullarda bize anlat\u0131ld\u0131\u011f\u0131 gibi biliyoruz, o y\u00fczden h\u0131zl\u0131ca anlataca\u011f\u0131m \u00e7\u00fcnk\u00fc as\u0131l anlatmak istedi\u011fim, as\u0131l anlamam\u0131z\u0131 istedi\u011fi halini g\u00f6stermek istiyorum. <\/p>\n\n\n\n<p>\u00c7anakkale&#8217;ye z\u0131rhl\u0131lar geliyor ancak 18 Mart 1915 y\u0131l\u0131nda gemileri gibi koca kibirleri sebebiyle a\u011f\u0131r bir darbe al\u0131yorlar rota Gelibolu&#8217;ya d\u00f6n\u00fcyor. Burada hepimizin bildi\u011fi \u015fu s\u00f6zleri sarf ediyor Mustafa Kemal ka\u00e7an askerlere:<\/p>\n\n\n\n<figure class=\"wp-block-pullquote\"><blockquote><p>Size ben taarruz emretmiyorum, \u00f6lmeyi emrediyorum!<\/p><cite>MUSTAFA KEMAL ATAT\u00dcRK<\/cite><\/blockquote><\/figure>\n\n\n\n<p>Burada da kendilerini hazin son bekleyen \u0130tilaf kuvvetleri, yine rota de\u011fi\u015ftiriyor, elindeki g\u00fcce takviye yaparak Anafartalar Cephesinin a\u00e7\u0131lmas\u0131na sebep oluyor. Oluyor olmas\u0131na ancak bu olaylar olurken Anafartalar Grup Komutan\u0131 olarak atanan Mustafa Kemal ve komutas\u0131ndaki alt\u0131 t\u00fcmen, bir kez daha bu topraklarda i\u015fgalcilere yer olmad\u0131\u011f\u0131n\u0131 yaz\u0131yor tarihin bol kanl\u0131 sayfalar\u0131na. <\/p>\n\n\n\n<p>Ancak sava\u015f\u0131n kalan\u0131 bizim i\u00e7in pek de parlak ilerlemiyor, 1918 y\u0131l\u0131nda imzalad\u0131\u011f\u0131m\u0131z Mondros Anla\u015fmas\u0131 ile yenilgiyi bir kez daha ka\u011f\u0131t \u00fcst\u00fcnde kabul ediyoruz ve par\u00e7a par\u00e7a b\u00f6l\u00fcn\u00fcyor \u00fclkemiz&#8230;<\/p>\n\n\n\n<p>Dersem inanma, \u00e7\u00fcnk\u00fc bu \u00fclkenin ate\u015ften g\u00f6mle\u011fi giymeye haz\u0131r halk\u0131, onu \u00f6zg\u00fcrl\u00fc\u011f\u00fcne kavu\u015fturmak i\u00e7in kendi can\u0131n\u0131 riske edecek bir lideri var.<\/p>\n\n\n\n<p>19 May\u0131s 1919&#8217;da, \u0130tilaf Devletleri&#8217;ne kar\u015f\u0131 silahlanan halk\u0131 yat\u0131\u015ft\u0131rmas\u0131 i\u00e7in g\u00f6nderilen Mustafa Kemal, beklenen fitili ate\u015fliyor ve Kuvay-i Milliye \u00f6rg\u00fctlerinin kurulmas\u0131na \u00f6n ayak oluyor. Halk\u0131n deste\u011fi olmadan bunun ger\u00e7ekle\u015fmeyece\u011finin fark\u0131nda olan Atat\u00fcrk, hepimizin bildi\u011fi Amasya Genelgesi&#8217;ni yay\u0131nl\u0131yor ve pe\u015fine s\u0131ras\u0131yla Erzurum ve Sivas Kongrelerini ger\u00e7ekle\u015ftiriyor. <\/p>\n\n\n\n<p>Takip eden s\u00fcre\u00e7te, \u015fimdi i\u00e7i dolulu\u011fu tart\u0131\u015f\u0131lan, meclisimiz kuruluyor ve Birinci ve \u0130kinci \u0130n\u00f6n\u00fc Sava\u015flar\u0131 yap\u0131l\u0131yor. Buradan zaferle ayr\u0131lsak da K\u00fctahya-Eski\u015fehir Sava\u015flar\u0131 s\u0131ras\u0131nda a\u011f\u0131r darbe al\u0131yoruz. D\u00fc\u015fman Ankara&#8217;n\u0131n dibindeyken tam alt\u0131 g\u00fcn E\u011fitim Kongresi d\u00fczenliyor Mustafa Kemal. Bak\u0131n sevgili arkada\u015flar, K\u00fctahya-Eski\u015fehir olay\u0131nda Yunanl\u0131lar&#8217;\u0131n bask\u0131s\u0131 10-20 Temmuz&#8217;da a\u011f\u0131rla\u015f\u0131yor, Sakarya Nehri&#8217;nin gerisine \u00e7ekilme emri veriyor Mustafa Kemal ve 15-21 Temmuz aral\u0131\u011f\u0131nda bu kongreyi d\u00fczenleyecek cesarete sahip.  Hatta bu olay\u0131 bir al\u0131nt\u0131yla hemen detayland\u0131rm\u0131\u015f olay\u0131m:<\/p>\n\n\n\n<figure class=\"wp-block-pullquote\"><blockquote><p><span style=\"background-color: initial;\">Hamdullah Suphi Bey: \u2018Vaktinizi almayaca\u011f\u0131z.\u2019 dedi, \u2018Mazhar M\u00fcfit Bey\u2019in ba\u015fkan\u0131 oldu\u011fu \u00d6\u011fretmenler Derne\u011fi, birka\u00e7 g\u00fcn sonra Ankara\u2019da toplanacak. \u0130ki y\u00fczden fazla \u00f6\u011fretmen kat\u0131l\u0131yor. Fakat Fevzi Pa\u015fa\u2019y\u0131 dinleyince teredd\u00fcte d\u00fc\u015ft\u00fck. Sava\u015f\u0131n yo\u011funla\u015faca\u011f\u0131 anla\u015f\u0131lan bir s\u0131rada b\u00f6yle geni\u015f bir toplant\u0131 size ayak ba\u011f\u0131 olabilir. Uygun g\u00f6r\u00fcrseniz erteleyelim.\u2019<\/span><\/p><p>Mustafa Kemal Pa\u015fa: \u2018Hay\u0131r, hay\u0131r, ertelemeyin.\u2019 dedi, \u2018Cahillikle, ilkellikle sava\u015f, d\u00fc\u015fmanla sava\u015ftan daha az \u00f6nemli de\u011fildir. Toplant\u0131ya kat\u0131laca\u011f\u0131m ve konu\u015faca\u011f\u0131m.&#8217;\u201d<\/p><cite>TURGUT \u00d6ZAKMAN<\/cite><\/blockquote><\/figure>\n\n\n\n<p>Sakarya Meydan Muharebesi&#8217;ne gelmi\u015fken, \u00e7ok sevdi\u011fim bir videoyu ekleyece\u011fim buraya, ba\u015fl\u0131\u011f\u0131 a\u00e7\u0131klayan bir al\u0131nt\u0131yla beraber:<\/p>\n\n\n\n<figure class=\"wp-block-embed is-type-video is-provider-youtube wp-block-embed-youtube wp-embed-aspect-16-9 wp-has-aspect-ratio\"><div class=\"wp-block-embed__wrapper\">\n<ul class=\"bxslider-vid\"><li><iframe loading=\"lazy\" title=\"Sen Atat\u00fcrk&#039;s\u00fcn, Senin Elin Kanar m\u0131? | Ahmet Na\u00e7 | TEDxIstanbul\" width=\"1778\" height=\"1000\" src=\"https:\/\/www.youtube.com\/embed\/QLktoBwoCH8?feature=oembed\" frameborder=\"0\" allow=\"accelerometer; autoplay; clipboard-write; encrypted-media; gyroscope; picture-in-picture\" allowfullscreen><\/iframe><\/li><\/ul>\n<\/div><\/figure>\n\n\n\n<figure class=\"wp-block-pullquote\"><blockquote><p>Bir &#8220;S\u00fcng\u00fc tak!&#8221; emriyle tarihin gidi\u015fat\u0131n\u0131 de\u011fi\u015ftiren bu askeri deha, askerli\u011fi hobi olarak yap\u0131yor.<\/p><cite>AHMET NA\u00c7<\/cite><\/blockquote><\/figure>\n\n\n\n<p>Biliyorum, \u00e7ok say\u0131da al\u0131nt\u0131 yapt\u0131m ama bu kadar kaliteli i\u00e7erik varken, bu kadar g\u00fczel kaynaklar varken mahrum b\u0131rakmak istemedim, ger\u00e7ekten dolu dolu bir i\u00e7erik olsun istedim ve ba\u015fl\u0131kta neden &#8220;Hobi olarak asker&#8221; dedi\u011fim anla\u015f\u0131ls\u0131n istedim. Derdi bar\u0131\u015f olan, halk\u0131n\u0131n \u00f6zg\u00fcrl\u00fc\u011f\u00fc, e\u011fitimi olan bir adam oldu\u011funun alt\u0131n\u0131 ba\u011f\u0131ra ba\u011f\u0131ra \u00e7izelim istedim. Sava\u015f\u0131n ortas\u0131nda \u00e7ad\u0131r\u0131nda bile kitap okuyan, e\u011fitim materyalleri haz\u0131rlayan Atat\u00fcrk&#8217;\u00fcn de\u011ferini nas\u0131l bilemedi\u011fimizi bir kez daha g\u00f6relim, e\u011fer ba\u015far\u0131rsak ders alal\u0131m istedim.<\/p>\n\n\n\n<p>Sakarya Meydan Muharebesi sonras\u0131n\u0131 anlatmak beni biraz \u00fcz\u00fcyor, \u00e7\u00fcnk\u00fc zaman iyi-k\u00f6t\u00fc ay\u0131rmadan sert bir \u015fekilde vuruyor insana. Ancak g\u00fczel \u015feylere de\u011finerek devam edelim. <\/p>\n\n\n\n<p>24 Temmuz 1923&#8217;te imzalanan Lozan Bar\u0131\u015f Anla\u015fmas\u0131 ile halk\u0131na arad\u0131\u011f\u0131 \u00f6zg\u00fcrl\u00fc\u011f\u00fc sunmaya \u00e7al\u0131\u015fan Atat\u00fcrk, birka\u00e7 ay sonra, 29 Ekim 1923 y\u0131l\u0131nda Cumhuriyet&#8217;i ilan ediyor ve yoluna \u00e7\u0131kan her \u015feye kar\u015f\u0131 adeta zaferini ilan ediyor.<\/p>\n\n\n\n<p>Halk\u0131 i\u00e7in bu tarihten sonra da yapt\u0131\u011f\u0131 ink\u0131laplarla \u00e7al\u0131\u015fmaya devam eden Atat\u00fcrk, kendini halk\u0131ndan koruma ihtiyac\u0131 hissetmeyen tek lider san\u0131r\u0131m.<\/p>\n\n\n\n<p>Ger\u00e7ekle\u015fti\u011fini g\u00f6rmeye \u00f6mr\u00fcn\u00fcn yetmedi\u011fi K\u00f6y Enstit\u00fcleri ve Hatay&#8217;\u0131n vatana dahil olu\u015fu gibi olaylardan hislenmeden bahsetmek zor o y\u00fczden K\u00f6y Enstit\u00fclerini ba\u015fka bir yaz\u0131ya saklayaca\u011f\u0131m ve bu dehan\u0131n hayat\u0131n\u0131 kaybedi\u015fini k\u0131saca toparlamaya \u00e7al\u0131\u015faca\u011f\u0131m.<\/p>\n\n\n\n<p>10 Kas\u0131m 1938 hepimiz i\u00e7in k\u00f6t\u00fc bir g\u00fcn, ancak bu g\u00fczel insan\u0131n bizler i\u00e7in yine bir \u00e7ift s\u00f6z\u00fc var:<\/p>\n\n\n\n<figure class=\"wp-block-pullquote\"><blockquote><p>B\u00fcy\u00fck \u00f6l\u00fclere matem gerekmez, fikirlerine ba\u011fl\u0131l\u0131k gerekir.<\/p><cite>MUSTAFA KEMAL ATAT\u00dcRK<\/cite><\/blockquote><\/figure>\n\n\n\n<p>Ger\u00e7ek bir liderin \u00f6yk\u00fcs\u00fcne de\u011finmeye \u00e7al\u0131\u015ft\u0131m bug\u00fcn sevgili dostum, umar\u0131m senin i\u00e7in de keyifli bir yolculuk olmu\u015ftur, hemen a\u015fa\u011f\u0131ya da haz\u0131rlad\u0131\u011f\u0131m bir film fikrini koydum, prototip bir afi\u015f, umuyorum ki ileride ger\u00e7ekle\u015fecek bir film.<\/p>\n\n\n\n<p>Kendine \u00e7ok dikkat et, bu zor zamanlarda \u0131\u015f\u0131\u011f\u0131n\u0131 kaybedersen en karanl\u0131k zamanlardan bir \u00fclkeyi sapasa\u011flam \u00e7\u0131karm\u0131\u015f bu adamdan ilham al. Asla pes etme, g\u00fczel g\u00fcnler bizimle olacak!<\/p>\n\n\n\n<figure class=\"wp-block-image size-large\"><img loading=\"lazy\" decoding=\"async\" width=\"768\" height=\"1024\" src=\"https:\/\/i0.wp.com\/www.cagataydemircioglu.com.tr\/cninzihni\/wp-content\/uploads\/2020\/06\/Atat\u00fcrk-Film.jpg?resize=768%2C1024\" alt=\"Hobi Olarak Asker\" class=\"wp-image-98\" srcset=\"https:\/\/i0.wp.com\/www.cagataydemircioglu.com.tr\/cninzihni\/wp-content\/uploads\/2020\/06\/Atat\u00fcrk-Film-scaled.jpg?resize=768%2C1024 768w, https:\/\/i0.wp.com\/www.cagataydemircioglu.com.tr\/cninzihni\/wp-content\/uploads\/2020\/06\/Atat\u00fcrk-Film-scaled.jpg?resize=225%2C300 225w, https:\/\/i0.wp.com\/www.cagataydemircioglu.com.tr\/cninzihni\/wp-content\/uploads\/2020\/06\/Atat\u00fcrk-Film-scaled.jpg?resize=1152%2C1536 1152w, https:\/\/i0.wp.com\/www.cagataydemircioglu.com.tr\/cninzihni\/wp-content\/uploads\/2020\/06\/Atat\u00fcrk-Film-scaled.jpg?resize=1536%2C2048 1536w, https:\/\/i0.wp.com\/www.cagataydemircioglu.com.tr\/cninzihni\/wp-content\/uploads\/2020\/06\/Atat\u00fcrk-Film-scaled.jpg?w=1920 1920w\" sizes=\"(max-width: 768px) 100vw, 768px\" data-recalc-dims=\"1\" \/><\/figure>\n\n\n\n<p><\/p>\n","protected":false},"excerpt":{"rendered":"<p>Hobi olarak askerlik mi? Ne sa\u00e7mal\u0131yorsun dedi\u011fini duyar gibiyim, biliyorum ancak birazc\u0131k sab\u0131r, anlayacaks\u0131n. Merhaba sevgili dostum! Uzun bir s\u00fcredir g\u00f6r\u00fc\u015femiyoruz, biliyorum, benim yo\u011funlu\u011fum ba\u011f\u0131\u015fla. Bug\u00fcn, uzun zamand\u0131r akl\u0131mda olan, fikirlerini kalbimde ta\u015f\u0131d\u0131\u011f\u0131m birini anlataca\u011f\u0131m sana. Sevdi\u011fim bir t\u00fcrk\u00fcden bir al\u0131nt\u0131 ile g\u00f6sterece\u011fim onu, eminim tan\u0131yacaks\u0131n: &#8220;Bir daha gel gel Samsun&#8217;dan Bir daha gel gel&#8230;<\/p>\n<div class=\"btnReadMore brnhmbx-font-1 fs20\"><a href=\"http:\/\/www.cagataydemircioglu.com.tr\/cninzihni\/hobi-olarak-asker\/\"><span class=\"robin-icon-asterisk mr5\">&#8212;<\/span>Ben biraz daha bakay\u0131m buna<span class=\"robin-icon-asterisk ml5\">&#8212;<\/span><\/a><\/div>\n","protected":false},"author":1,"featured_media":312,"comment_status":"open","ping_status":"open","sticky":false,"template":"","format":"standard","meta":{"_jetpack_memberships_contains_paid_content":false,"footnotes":"","jetpack_publicize_message":"","jetpack_publicize_feature_enabled":true,"jetpack_social_post_already_shared":false,"jetpack_social_options":{"image_generator_settings":{"template":"highway","enabled":false}}},"categories":[1],"tags":[10,11,14,12,13],"jetpack_publicize_connections":[],"jetpack_sharing_enabled":true,"jetpack_featured_media_url":"https:\/\/i0.wp.com\/www.cagataydemircioglu.com.tr\/cninzihni\/wp-content\/uploads\/2020\/06\/hobiolarakasker.jpg?fit=1080%2C1080","_links":{"self":[{"href":"http:\/\/www.cagataydemircioglu.com.tr\/cninzihni\/wp-json\/wp\/v2\/posts\/10"}],"collection":[{"href":"http:\/\/www.cagataydemircioglu.com.tr\/cninzihni\/wp-json\/wp\/v2\/posts"}],"about":[{"href":"http:\/\/www.cagataydemircioglu.com.tr\/cninzihni\/wp-json\/wp\/v2\/types\/post"}],"author":[{"embeddable":true,"href":"http:\/\/www.cagataydemircioglu.com.tr\/cninzihni\/wp-json\/wp\/v2\/users\/1"}],"replies":[{"embeddable":true,"href":"http:\/\/www.cagataydemircioglu.com.tr\/cninzihni\/wp-json\/wp\/v2\/comments?post=10"}],"version-history":[{"count":1,"href":"http:\/\/www.cagataydemircioglu.com.tr\/cninzihni\/wp-json\/wp\/v2\/posts\/10\/revisions"}],"predecessor-version":[{"id":486,"href":"http:\/\/www.cagataydemircioglu.com.tr\/cninzihni\/wp-json\/wp\/v2\/posts\/10\/revisions\/486"}],"wp:featuredmedia":[{"embeddable":true,"href":"http:\/\/www.cagataydemircioglu.com.tr\/cninzihni\/wp-json\/wp\/v2\/media\/312"}],"wp:attachment":[{"href":"http:\/\/www.cagataydemircioglu.com.tr\/cninzihni\/wp-json\/wp\/v2\/media?parent=10"}],"wp:term":[{"taxonomy":"category","embeddable":true,"href":"http:\/\/www.cagataydemircioglu.com.tr\/cninzihni\/wp-json\/wp\/v2\/categories?post=10"},{"taxonomy":"post_tag","embeddable":true,"href":"http:\/\/www.cagataydemircioglu.com.tr\/cninzihni\/wp-json\/wp\/v2\/tags?post=10"}],"curies":[{"name":"wp","href":"https:\/\/api.w.org\/{rel}","templated":true}]}}